{"id":88924,"date":"2024-11-13T13:07:22","date_gmt":"2024-11-13T12:07:22","guid":{"rendered":"https:\/\/pmf-system.ch\/unkategorisiert\/design-unsere-moebel-im-mittelpunkt-im-bahnhof-zuerich\/"},"modified":"2025-08-18T14:59:02","modified_gmt":"2025-08-18T13:59:02","slug":"design-unsere-moebel-im-mittelpunkt-im-bahnhof-zuerich","status":"publish","type":"post","link":"https:\/\/pmf-system.ch\/de\/interior-de\/design-unsere-moebel-im-mittelpunkt-im-bahnhof-zuerich\/","title":{"rendered":"Design: Unsere M\u00f6bel im Mittelpunkt im Bahnhof Z\u00fcrich"},"content":{"rendered":"<div class=\"wpb-content-wrapper\" id=\"wpb-content-root\"><p>[vc_row][vc_column][vc_column_text css=&#8220;&#8220; woodmart_inline=&#8220;no&#8220; text_larger=&#8220;no&#8220;]Die Schweizer Marke <a href=\"https:\/\/www.soeder.ch\" target=\"_blank\" rel=\"noopener\">Soeder<\/a>, die sich auf die Herstellung von Seifen und anderen hochwertigen, 100% nat\u00fcrlichen Kosmetika spezialisiert hat, w\u00e4hlte PMF-System M\u00f6bel, um ihre Produkte in ihrem neuen Gesch\u00e4ft im Z\u00fcricher Hauptbahnhof zu pr\u00e4sentieren. <a id=\"ember5430\" class=\"ember-view\" href=\"https:\/\/www.linkedin.com\/in\/hanna-olzon-%C3%A5kerstr%C3%B6m-7721a653\/\" target=\"_blank\" rel=\"noopener\">Hanna Olzon \u00c5kerstr\u00f6m<\/a>, Gr\u00fcnderin und Kreativdirektorin von Soeder, war von der Einfachheit und Flexibilit\u00e4t des PMF-Systems begeistert: &#8222;Unsere M\u00f6bel passen perfekt zur Philosophie unserer Marke in Bezug auf h\u00f6chste Qualit\u00e4t und SWISS MADE. Wir freuen uns, dass die ikonischen braunen Glasflaschen nun besonders gut zur Geltung kommen&#8220;.<\/p>\n<p>PS. Das PMF-System befindet sich auch in der neu er\u00f6ffneten Seifenfabrik der Marke in Z\u00fcrich-Altstetten. <\/p>\n<p>Fotos (c)Tom Licht &#8211; Soeder[\/vc_column_text][vc_media_grid css=&#8220;&#8220; grid_id=&#8220;vc_gid:1732105028265-5c8cde7a8643b0d77fa78d3903d310a3-6&#8243; include=&#8220;88901,88897,88914&#8243;][\/vc_column][\/vc_row]<\/p>\n<\/div>","protected":false},"excerpt":{"rendered":"<p>[vc_row][vc_column][vc_column_text css=&#8220;&#8220; woodmart_inline=&#8220;no&#8220; text_larger=&#8220;no&#8220;]Die Schweizer Marke Soeder, die sich auf die Herstellung von Seifen und anderen hochwertigen, 100% nat\u00fcrlichen Kosmetika<\/p>\n","protected":false},"author":7,"featured_media":88890,"comment_status":"closed","ping_status":"closed","sticky":false,"template":"","format":"standard","meta":{"footnotes":""},"categories":[1062,1043,1048],"tags":[],"class_list":["post-88924","post","type-post","status-publish","format-standard","has-post-thumbnail","hentry","category-alle-nachrichten","category-expo-de","category-interior-de"],"yoast_head":"<!-- This site is optimized with the Yoast SEO Premium plugin v28.3 (Yoast SEO v28.3) - https:\/\/yoast.com\/product\/yoast-seo-premium-wordpress\/ -->\n<title>Design: Unsere M\u00f6bel im Mittelpunkt im Bahnhof Z\u00fcrich | PMF-System<\/title>\n<meta name=\"robots\" content=\"index, follow, max-snippet:-1, max-image-preview:large, max-video-preview:-1\" \/>\n<link rel=\"canonical\" href=\"https:\/\/pmf-system.ch\/de\/interior-de\/design-unsere-moebel-im-mittelpunkt-im-bahnhof-zuerich\/\" \/>\n<meta property=\"og:locale\" content=\"de_DE\" \/>\n<meta property=\"og:type\" content=\"article\" \/>\n<meta property=\"og:title\" content=\"Design: Unsere M\u00f6bel im Mittelpunkt im Bahnhof Z\u00fcrich\" \/>\n<meta property=\"og:description\" content=\"[vc_row][vc_column][vc_column_text css=&#8220;&#8220; woodmart_inline=&#8220;no&#8220; text_larger=&#8220;no&#8220;]Die Schweizer Marke Soeder, die sich auf die Herstellung von Seifen und anderen hochwertigen, 100% nat\u00fcrlichen Kosmetika\" \/>\n<meta property=\"og:url\" content=\"https:\/\/pmf-system.ch\/de\/interior-de\/design-unsere-moebel-im-mittelpunkt-im-bahnhof-zuerich\/\" \/>\n<meta property=\"og:site_name\" content=\"PMF-System\" \/>\n<meta property=\"article:publisher\" content=\"https:\/\/www.facebook.com\/pmfsystem\" \/>\n<meta property=\"article:published_time\" content=\"2024-11-13T12:07:22+00:00\" \/>\n<meta property=\"article:modified_time\" content=\"2025-08-18T13:59:02+00:00\" \/>\n<meta property=\"og:image\" content=\"https:\/\/pmf-system.ch\/wp-content\/uploads\/2024\/11\/VIgnettes-actus-soeder.jpg\" \/>\n\t<meta property=\"og:image:width\" content=\"1366\" \/>\n\t<meta property=\"og:image:height\" content=\"768\" \/>\n\t<meta property=\"og:image:type\" content=\"image\/jpeg\" \/>\n<meta name=\"author\" content=\"Aur\u00e9lie Margueron\" \/>\n<meta name=\"twitter:card\" content=\"summary_large_image\" \/>\n<meta name=\"twitter:label1\" content=\"Verfasst von\" \/>\n\t<meta name=\"twitter:data1\" content=\"Aur\u00e9lie Margueron\" \/>\n\t<meta name=\"twitter:label2\" content=\"Gesch\u00e4tzte Lesezeit\" \/>\n\t<meta name=\"twitter:data2\" content=\"1\u00a0Minute\" \/>\n<script type=\"application\/ld+json\" class=\"yoast-schema-graph\">{\"@context\":\"https:\\\/\\\/schema.org\",\"@graph\":[{\"@type\":\"Article\",\"@id\":\"https:\\\/\\\/pmf-system.ch\\\/de\\\/interior-de\\\/design-unsere-moebel-im-mittelpunkt-im-bahnhof-zuerich\\\/#article\",\"isPartOf\":{\"@id\":\"https:\\\/\\\/pmf-system.ch\\\/de\\\/interior-de\\\/design-unsere-moebel-im-mittelpunkt-im-bahnhof-zuerich\\\/\"},\"author\":{\"name\":\"Aur\u00e9lie Margueron\",\"@id\":\"https:\\\/\\\/pmf-system.ch\\\/de\\\/#\\\/schema\\\/person\\\/5d9f406037121011d0a9dd7673356b6d\"},\"headline\":\"Design: Unsere M\u00f6bel im Mittelpunkt im Bahnhof Z\u00fcrich\",\"datePublished\":\"2024-11-13T12:07:22+00:00\",\"dateModified\":\"2025-08-18T13:59:02+00:00\",\"mainEntityOfPage\":{\"@id\":\"https:\\\/\\\/pmf-system.ch\\\/de\\\/interior-de\\\/design-unsere-moebel-im-mittelpunkt-im-bahnhof-zuerich\\\/\"},\"wordCount\":166,\"publisher\":{\"@id\":\"https:\\\/\\\/pmf-system.ch\\\/de\\\/#organization\"},\"image\":{\"@id\":\"https:\\\/\\\/pmf-system.ch\\\/de\\\/interior-de\\\/design-unsere-moebel-im-mittelpunkt-im-bahnhof-zuerich\\\/#primaryimage\"},\"thumbnailUrl\":\"https:\\\/\\\/pmf-system.ch\\\/wp-content\\\/uploads\\\/2024\\\/11\\\/VIgnettes-actus-soeder.jpg\",\"articleSection\":[\"Alle Nachrichten\",\"Expo\",\"Interior\"],\"inLanguage\":\"de\"},{\"@type\":\"WebPage\",\"@id\":\"https:\\\/\\\/pmf-system.ch\\\/de\\\/interior-de\\\/design-unsere-moebel-im-mittelpunkt-im-bahnhof-zuerich\\\/\",\"url\":\"https:\\\/\\\/pmf-system.ch\\\/de\\\/interior-de\\\/design-unsere-moebel-im-mittelpunkt-im-bahnhof-zuerich\\\/\",\"name\":\"Design: Unsere M\u00f6bel im Mittelpunkt im Bahnhof Z\u00fcrich | PMF-System\",\"isPartOf\":{\"@id\":\"https:\\\/\\\/pmf-system.ch\\\/de\\\/#website\"},\"primaryImageOfPage\":{\"@id\":\"https:\\\/\\\/pmf-system.ch\\\/de\\\/interior-de\\\/design-unsere-moebel-im-mittelpunkt-im-bahnhof-zuerich\\\/#primaryimage\"},\"image\":{\"@id\":\"https:\\\/\\\/pmf-system.ch\\\/de\\\/interior-de\\\/design-unsere-moebel-im-mittelpunkt-im-bahnhof-zuerich\\\/#primaryimage\"},\"thumbnailUrl\":\"https:\\\/\\\/pmf-system.ch\\\/wp-content\\\/uploads\\\/2024\\\/11\\\/VIgnettes-actus-soeder.jpg\",\"datePublished\":\"2024-11-13T12:07:22+00:00\",\"dateModified\":\"2025-08-18T13:59:02+00:00\",\"breadcrumb\":{\"@id\":\"https:\\\/\\\/pmf-system.ch\\\/de\\\/interior-de\\\/design-unsere-moebel-im-mittelpunkt-im-bahnhof-zuerich\\\/#breadcrumb\"},\"inLanguage\":\"de\",\"potentialAction\":[{\"@type\":\"ReadAction\",\"target\":[\"https:\\\/\\\/pmf-system.ch\\\/de\\\/interior-de\\\/design-unsere-moebel-im-mittelpunkt-im-bahnhof-zuerich\\\/\"]}]},{\"@type\":\"ImageObject\",\"inLanguage\":\"de\",\"@id\":\"https:\\\/\\\/pmf-system.ch\\\/de\\\/interior-de\\\/design-unsere-moebel-im-mittelpunkt-im-bahnhof-zuerich\\\/#primaryimage\",\"url\":\"https:\\\/\\\/pmf-system.ch\\\/wp-content\\\/uploads\\\/2024\\\/11\\\/VIgnettes-actus-soeder.jpg\",\"contentUrl\":\"https:\\\/\\\/pmf-system.ch\\\/wp-content\\\/uploads\\\/2024\\\/11\\\/VIgnettes-actus-soeder.jpg\",\"width\":1366,\"height\":768,\"caption\":\"Magasin soeder (c)Tom Licht\"},{\"@type\":\"BreadcrumbList\",\"@id\":\"https:\\\/\\\/pmf-system.ch\\\/de\\\/interior-de\\\/design-unsere-moebel-im-mittelpunkt-im-bahnhof-zuerich\\\/#breadcrumb\",\"itemListElement\":[{\"@type\":\"ListItem\",\"position\":1,\"name\":\"Home\",\"item\":\"https:\\\/\\\/pmf-system.ch\\\/de\\\/homepage\\\/\"},{\"@type\":\"ListItem\",\"position\":2,\"name\":\"Design: Unsere M\u00f6bel im Mittelpunkt im Bahnhof Z\u00fcrich\"}]},{\"@type\":\"WebSite\",\"@id\":\"https:\\\/\\\/pmf-system.ch\\\/de\\\/#website\",\"url\":\"https:\\\/\\\/pmf-system.ch\\\/de\\\/\",\"name\":\"PMF-System\",\"description\":\"Konfigurieren, personalisieren.\",\"publisher\":{\"@id\":\"https:\\\/\\\/pmf-system.ch\\\/de\\\/#organization\"},\"potentialAction\":[{\"@type\":\"SearchAction\",\"target\":{\"@type\":\"EntryPoint\",\"urlTemplate\":\"https:\\\/\\\/pmf-system.ch\\\/de\\\/?s={search_term_string}\"},\"query-input\":{\"@type\":\"PropertyValueSpecification\",\"valueRequired\":true,\"valueName\":\"search_term_string\"}}],\"inLanguage\":\"de\"},{\"@type\":\"Organization\",\"@id\":\"https:\\\/\\\/pmf-system.ch\\\/de\\\/#organization\",\"name\":\"PMF-System\",\"url\":\"https:\\\/\\\/pmf-system.ch\\\/de\\\/\",\"logo\":{\"@type\":\"ImageObject\",\"inLanguage\":\"de\",\"@id\":\"https:\\\/\\\/pmf-system.ch\\\/de\\\/#\\\/schema\\\/logo\\\/image\\\/\",\"url\":\"https:\\\/\\\/pmf-system.ch\\\/wp-content\\\/uploads\\\/logo_carree_200x200-1.png\",\"contentUrl\":\"https:\\\/\\\/pmf-system.ch\\\/wp-content\\\/uploads\\\/logo_carree_200x200-1.png\",\"width\":200,\"height\":200,\"caption\":\"PMF-System\"},\"image\":{\"@id\":\"https:\\\/\\\/pmf-system.ch\\\/de\\\/#\\\/schema\\\/logo\\\/image\\\/\"},\"sameAs\":[\"https:\\\/\\\/www.facebook.com\\\/pmfsystem\",\"https:\\\/\\\/www.linkedin.com\\\/company\\\/pmfsystem\",\"https:\\\/\\\/www.youtube.com\\\/channel\\\/UCiSlOSHwk-UvRX51HGFkXYA\\\/videos\"],\"description\":\"PMF-System is a Swiss company delivering modular engineering and custom design solutions across Switzerland. We develop ergonomic workshop systems, modular display and signage structures, tailored interior design solutions, and flexible building services applications using our patented rapid assembly system. Our solutions combine functionality, aesthetics, and efficiency for industrial, commercial, retail, and architectural environments. With fast online configuration, 3D planning, and Swiss manufacturing, PMF-System supports professional projects from concept to installation.\",\"email\":\"info@pmf-system.ch\",\"telephone\":\"+41265104980\",\"legalName\":\"PMFch SA\",\"foundingDate\":\"2013-08-29\",\"vatID\":\"CHE-291.598.957\",\"numberOfEmployees\":{\"@type\":\"QuantitativeValue\",\"minValue\":\"11\",\"maxValue\":\"50\"},\"ownershipFundingInfo\":\"https:\\\/\\\/pmf-system.ch\\\/entreprise\\\/\",\"hasMerchantReturnPolicy\":{\"@type\":\"MerchantReturnPolicy\",\"merchantReturnLink\":\"https:\\\/\\\/pmf-system.ch\\\/en\\\/shipping-and-returns-policy\\\/\"}},{\"@type\":\"Person\",\"@id\":\"https:\\\/\\\/pmf-system.ch\\\/de\\\/#\\\/schema\\\/person\\\/5d9f406037121011d0a9dd7673356b6d\",\"name\":\"Aur\u00e9lie Margueron\",\"image\":{\"@type\":\"ImageObject\",\"inLanguage\":\"de\",\"@id\":\"https:\\\/\\\/secure.gravatar.com\\\/avatar\\\/ba735cb43dc7660d455bfdd87f31845fdf1c3d5153bf3f36e24fb8266710154f?s=96&d=mm&r=g\",\"url\":\"https:\\\/\\\/secure.gravatar.com\\\/avatar\\\/ba735cb43dc7660d455bfdd87f31845fdf1c3d5153bf3f36e24fb8266710154f?s=96&d=mm&r=g\",\"contentUrl\":\"https:\\\/\\\/secure.gravatar.com\\\/avatar\\\/ba735cb43dc7660d455bfdd87f31845fdf1c3d5153bf3f36e24fb8266710154f?s=96&d=mm&r=g\",\"caption\":\"Aur\u00e9lie Margueron\"},\"url\":\"https:\\\/\\\/pmf-system.ch\\\/de\\\/author\\\/aurelie-margueron\\\/\"}]}<\/script>\n<!-- \/ Yoast SEO Premium plugin. -->","yoast_head_json":{"title":"Design: Unsere M\u00f6bel im Mittelpunkt im Bahnhof Z\u00fcrich | PMF-System","robots":{"index":"index","follow":"follow","max-snippet":"max-snippet:-1","max-image-preview":"max-image-preview:large","max-video-preview":"max-video-preview:-1"},"canonical":"https:\/\/pmf-system.ch\/de\/interior-de\/design-unsere-moebel-im-mittelpunkt-im-bahnhof-zuerich\/","og_locale":"de_DE","og_type":"article","og_title":"Design: Unsere M\u00f6bel im Mittelpunkt im Bahnhof Z\u00fcrich","og_description":"[vc_row][vc_column][vc_column_text css=&#8220;&#8220; woodmart_inline=&#8220;no&#8220; text_larger=&#8220;no&#8220;]Die Schweizer Marke Soeder, die sich auf die Herstellung von Seifen und anderen hochwertigen, 100% nat\u00fcrlichen Kosmetika","og_url":"https:\/\/pmf-system.ch\/de\/interior-de\/design-unsere-moebel-im-mittelpunkt-im-bahnhof-zuerich\/","og_site_name":"PMF-System","article_publisher":"https:\/\/www.facebook.com\/pmfsystem","article_published_time":"2024-11-13T12:07:22+00:00","article_modified_time":"2025-08-18T13:59:02+00:00","og_image":[{"width":1366,"height":768,"url":"https:\/\/pmf-system.ch\/wp-content\/uploads\/2024\/11\/VIgnettes-actus-soeder.jpg","type":"image\/jpeg"}],"author":"Aur\u00e9lie Margueron","twitter_card":"summary_large_image","twitter_misc":{"Verfasst von":"Aur\u00e9lie Margueron","Gesch\u00e4tzte Lesezeit":"1\u00a0Minute"},"schema":{"@context":"https:\/\/schema.org","@graph":[{"@type":"Article","@id":"https:\/\/pmf-system.ch\/de\/interior-de\/design-unsere-moebel-im-mittelpunkt-im-bahnhof-zuerich\/#article","isPartOf":{"@id":"https:\/\/pmf-system.ch\/de\/interior-de\/design-unsere-moebel-im-mittelpunkt-im-bahnhof-zuerich\/"},"author":{"name":"Aur\u00e9lie Margueron","@id":"https:\/\/pmf-system.ch\/de\/#\/schema\/person\/5d9f406037121011d0a9dd7673356b6d"},"headline":"Design: Unsere M\u00f6bel im Mittelpunkt im Bahnhof Z\u00fcrich","datePublished":"2024-11-13T12:07:22+00:00","dateModified":"2025-08-18T13:59:02+00:00","mainEntityOfPage":{"@id":"https:\/\/pmf-system.ch\/de\/interior-de\/design-unsere-moebel-im-mittelpunkt-im-bahnhof-zuerich\/"},"wordCount":166,"publisher":{"@id":"https:\/\/pmf-system.ch\/de\/#organization"},"image":{"@id":"https:\/\/pmf-system.ch\/de\/interior-de\/design-unsere-moebel-im-mittelpunkt-im-bahnhof-zuerich\/#primaryimage"},"thumbnailUrl":"https:\/\/pmf-system.ch\/wp-content\/uploads\/2024\/11\/VIgnettes-actus-soeder.jpg","articleSection":["Alle Nachrichten","Expo","Interior"],"inLanguage":"de"},{"@type":"WebPage","@id":"https:\/\/pmf-system.ch\/de\/interior-de\/design-unsere-moebel-im-mittelpunkt-im-bahnhof-zuerich\/","url":"https:\/\/pmf-system.ch\/de\/interior-de\/design-unsere-moebel-im-mittelpunkt-im-bahnhof-zuerich\/","name":"Design: Unsere M\u00f6bel im Mittelpunkt im Bahnhof Z\u00fcrich | PMF-System","isPartOf":{"@id":"https:\/\/pmf-system.ch\/de\/#website"},"primaryImageOfPage":{"@id":"https:\/\/pmf-system.ch\/de\/interior-de\/design-unsere-moebel-im-mittelpunkt-im-bahnhof-zuerich\/#primaryimage"},"image":{"@id":"https:\/\/pmf-system.ch\/de\/interior-de\/design-unsere-moebel-im-mittelpunkt-im-bahnhof-zuerich\/#primaryimage"},"thumbnailUrl":"https:\/\/pmf-system.ch\/wp-content\/uploads\/2024\/11\/VIgnettes-actus-soeder.jpg","datePublished":"2024-11-13T12:07:22+00:00","dateModified":"2025-08-18T13:59:02+00:00","breadcrumb":{"@id":"https:\/\/pmf-system.ch\/de\/interior-de\/design-unsere-moebel-im-mittelpunkt-im-bahnhof-zuerich\/#breadcrumb"},"inLanguage":"de","potentialAction":[{"@type":"ReadAction","target":["https:\/\/pmf-system.ch\/de\/interior-de\/design-unsere-moebel-im-mittelpunkt-im-bahnhof-zuerich\/"]}]},{"@type":"ImageObject","inLanguage":"de","@id":"https:\/\/pmf-system.ch\/de\/interior-de\/design-unsere-moebel-im-mittelpunkt-im-bahnhof-zuerich\/#primaryimage","url":"https:\/\/pmf-system.ch\/wp-content\/uploads\/2024\/11\/VIgnettes-actus-soeder.jpg","contentUrl":"https:\/\/pmf-system.ch\/wp-content\/uploads\/2024\/11\/VIgnettes-actus-soeder.jpg","width":1366,"height":768,"caption":"Magasin soeder (c)Tom Licht"},{"@type":"BreadcrumbList","@id":"https:\/\/pmf-system.ch\/de\/interior-de\/design-unsere-moebel-im-mittelpunkt-im-bahnhof-zuerich\/#breadcrumb","itemListElement":[{"@type":"ListItem","position":1,"name":"Home","item":"https:\/\/pmf-system.ch\/de\/homepage\/"},{"@type":"ListItem","position":2,"name":"Design: Unsere M\u00f6bel im Mittelpunkt im Bahnhof Z\u00fcrich"}]},{"@type":"WebSite","@id":"https:\/\/pmf-system.ch\/de\/#website","url":"https:\/\/pmf-system.ch\/de\/","name":"PMF-System","description":"Konfigurieren, personalisieren.","publisher":{"@id":"https:\/\/pmf-system.ch\/de\/#organization"},"potentialAction":[{"@type":"SearchAction","target":{"@type":"EntryPoint","urlTemplate":"https:\/\/pmf-system.ch\/de\/?s={search_term_string}"},"query-input":{"@type":"PropertyValueSpecification","valueRequired":true,"valueName":"search_term_string"}}],"inLanguage":"de"},{"@type":"Organization","@id":"https:\/\/pmf-system.ch\/de\/#organization","name":"PMF-System","url":"https:\/\/pmf-system.ch\/de\/","logo":{"@type":"ImageObject","inLanguage":"de","@id":"https:\/\/pmf-system.ch\/de\/#\/schema\/logo\/image\/","url":"https:\/\/pmf-system.ch\/wp-content\/uploads\/logo_carree_200x200-1.png","contentUrl":"https:\/\/pmf-system.ch\/wp-content\/uploads\/logo_carree_200x200-1.png","width":200,"height":200,"caption":"PMF-System"},"image":{"@id":"https:\/\/pmf-system.ch\/de\/#\/schema\/logo\/image\/"},"sameAs":["https:\/\/www.facebook.com\/pmfsystem","https:\/\/www.linkedin.com\/company\/pmfsystem","https:\/\/www.youtube.com\/channel\/UCiSlOSHwk-UvRX51HGFkXYA\/videos"],"description":"PMF-System is a Swiss company delivering modular engineering and custom design solutions across Switzerland. We develop ergonomic workshop systems, modular display and signage structures, tailored interior design solutions, and flexible building services applications using our patented rapid assembly system. Our solutions combine functionality, aesthetics, and efficiency for industrial, commercial, retail, and architectural environments. With fast online configuration, 3D planning, and Swiss manufacturing, PMF-System supports professional projects from concept to installation.","email":"info@pmf-system.ch","telephone":"+41265104980","legalName":"PMFch SA","foundingDate":"2013-08-29","vatID":"CHE-291.598.957","numberOfEmployees":{"@type":"QuantitativeValue","minValue":"11","maxValue":"50"},"ownershipFundingInfo":"https:\/\/pmf-system.ch\/entreprise\/","hasMerchantReturnPolicy":{"@type":"MerchantReturnPolicy","merchantReturnLink":"https:\/\/pmf-system.ch\/en\/shipping-and-returns-policy\/"}},{"@type":"Person","@id":"https:\/\/pmf-system.ch\/de\/#\/schema\/person\/5d9f406037121011d0a9dd7673356b6d","name":"Aur\u00e9lie Margueron","image":{"@type":"ImageObject","inLanguage":"de","@id":"https:\/\/secure.gravatar.com\/avatar\/ba735cb43dc7660d455bfdd87f31845fdf1c3d5153bf3f36e24fb8266710154f?s=96&d=mm&r=g","url":"https:\/\/secure.gravatar.com\/avatar\/ba735cb43dc7660d455bfdd87f31845fdf1c3d5153bf3f36e24fb8266710154f?s=96&d=mm&r=g","contentUrl":"https:\/\/secure.gravatar.com\/avatar\/ba735cb43dc7660d455bfdd87f31845fdf1c3d5153bf3f36e24fb8266710154f?s=96&d=mm&r=g","caption":"Aur\u00e9lie Margueron"},"url":"https:\/\/pmf-system.ch\/de\/author\/aurelie-margueron\/"}]}},"_links":{"self":[{"href":"https:\/\/pmf-system.ch\/de\/wp-json\/wp\/v2\/posts\/88924","targetHints":{"allow":["GET"]}}],"collection":[{"href":"https:\/\/pmf-system.ch\/de\/wp-json\/wp\/v2\/posts"}],"about":[{"href":"https:\/\/pmf-system.ch\/de\/wp-json\/wp\/v2\/types\/post"}],"author":[{"embeddable":true,"href":"https:\/\/pmf-system.ch\/de\/wp-json\/wp\/v2\/users\/7"}],"replies":[{"embeddable":true,"href":"https:\/\/pmf-system.ch\/de\/wp-json\/wp\/v2\/comments?post=88924"}],"version-history":[{"count":0,"href":"https:\/\/pmf-system.ch\/de\/wp-json\/wp\/v2\/posts\/88924\/revisions"}],"wp:featuredmedia":[{"embeddable":true,"href":"https:\/\/pmf-system.ch\/de\/wp-json\/wp\/v2\/media\/88890"}],"wp:attachment":[{"href":"https:\/\/pmf-system.ch\/de\/wp-json\/wp\/v2\/media?parent=88924"}],"wp:term":[{"taxonomy":"category","embeddable":true,"href":"https:\/\/pmf-system.ch\/de\/wp-json\/wp\/v2\/categories?post=88924"},{"taxonomy":"post_tag","embeddable":true,"href":"https:\/\/pmf-system.ch\/de\/wp-json\/wp\/v2\/tags?post=88924"}],"curies":[{"name":"wp","href":"https:\/\/api.w.org\/{rel}","templated":true}]}}