{"id":109376,"date":"2026-06-30T06:39:06","date_gmt":"2026-06-30T05:39:06","guid":{"rendered":"https:\/\/pmf-system.ch\/unkategorisiert\/la-tele-swiss-made-nach-dem-pmf-system\/"},"modified":"2026-08-17T07:25:30","modified_gmt":"2026-08-17T06:25:30","slug":"la-tele-swiss-made-nach-dem-pmf-system","status":"publish","type":"post","link":"https:\/\/pmf-system.ch\/de\/alle-nachrichten\/la-tele-swiss-made-nach-dem-pmf-system\/","title":{"rendered":"La T\u00e9l\u00e9: \u00abSwiss Made\u00bb nach dem PMF-System"},"content":{"rendered":"<div class=\"wpb-content-wrapper\" id=\"wpb-content-root\"><p>[vc_row][vc_column woodmart_text_align=&#8220;center&#8220; vertical_alignment=&#8220;eyJkZXZpY2VzIjp7ImRlc2t0b3AiOnsidmFsdWUiOiJjZW50ZXIifSwidGFibGV0Ijp7InZhbHVlIjoiIn0sIm1vYmlsZSI6eyJ2YWx1ZSI6IiJ9fX0=&#8220; horizontal_alignment=&#8220;eyJkZXZpY2VzIjp7ImRlc2t0b3AiOnsidmFsdWUiOiJjZW50ZXIifSwidGFibGV0Ijp7InZhbHVlIjoiIn0sIm1vYmlsZSI6eyJ2YWx1ZSI6IiJ9fX0=&#8220; woodmart_css_id=&#8220;6a435731dfd47&#8243; parallax_scroll=&#8220;no&#8220; woodmart_sticky_column=&#8220;false&#8220; wd_collapsible_content_switcher=&#8220;no&#8220; wd_column_role_offcanvas_desktop=&#8220;no&#8220; wd_column_role_offcanvas_tablet=&#8220;no&#8220; wd_column_role_offcanvas_mobile=&#8220;no&#8220; wd_column_role_content_desktop=&#8220;no&#8220; wd_column_role_content_tablet=&#8220;no&#8220; wd_column_role_content_mobile=&#8220;no&#8220; mobile_bg_img_hidden=&#8220;no&#8220; tablet_bg_img_hidden=&#8220;no&#8220; woodmart_parallax=&#8220;0&#8243; woodmart_box_shadow=&#8220;no&#8220; responsive_spacing=&#8220;eyJwYXJhbV90eXBlIjoid29vZG1hcnRfcmVzcG9uc2l2ZV9zcGFjaW5nIiwic2VsZWN0b3JfaWQiOiI2YTQzNTczMWRmZDQ3Iiwic2hvcnRjb2RlIjoidmNfY29sdW1uIiwiZGF0YSI6eyJ0YWJsZXQiOnt9LCJtb2JpbGUiOnt9fX0=&#8220; wd_z_index=&#8220;no&#8220;]\t\t<div id=\"wd-6a4364ca949b5\" class=\"wd-text-block wd-wpb reset-last-child wd-rs-6a4364ca949b5 text-left \">\n\t\t\t<p>Ein R\u00fcckblick auf die gesamte Serie \u00abLeaders en transition\u00bb, eine zweimal monatlich im Fernsehen von Waadt und Freiburg ausgestrahlte Sendung, die sich dem Engagement lokaler KMU im Bereich der Nachhaltigkeit widmet. PMF-System wurde zu diesem Anlass eingeladen, um seine Erfahrungen und \u00dcberzeugungen zu teilen, da das Unternehmen sich daf\u00fcr entschieden hat, seine Produkte in der Schweiz mit lokalen Lieferanten herzustellen. Sein CEO, Lino Peverada, berichtet live im Studio. Eine Gelegenheit, eine Bilanz \u00fcber die Potenziale der nachhaltigen Wirtschaft zu ziehen.<\/p>\n\t\t<\/div>\n\t\t[vc_raw_html css=&#8220;.vc_custom_1782801399175{margin-bottom: 100px !important;}&#8220;]PHA+PGlmcmFtZSBzcmM9Imh0dHBzOi8vbGF0ZWxlLmNoL2VtaXNzaW9ucy9sZWFkZXJzLWVuLXRyYW5zaXRpb24vbGVhZGVycy1lbi10cmFuc2l0aW9uLXMtMjAyNi1lLTEyL2VtYmVkP3M9NCIgd2lkdGg9IjczMCIgaGVpZ2h0PSI0MTUiIGZyYW1lYm9yZGVyPSIwIiBhbGxvd2Z1bGxzY3JlZW49IiI+PC9pZnJhbWU+PC9wPg==[\/vc_raw_html]\t\t<div id=\"wd-6a4366c39a1a8\" class=\"wd-text-block wd-wpb reset-last-child wd-rs-6a4366c39a1a8 text-left vc_custom_1782802265440\">\n\t\t\t<h2 style=\"text-align: center;\">Sehen Sie sich Folge 2 \u00fcber PMF-System und Revario noch einmal an:<\/h2>\n<p style=\"text-align: center;\">In der Schweiz zu produzieren \u2013 das ist m\u00f6glich!<\/p>\n\t\t<\/div>\n\t\t[vc_raw_html css=&#8220;.vc_custom_1782802225342{margin-top: 0px !important;padding-bottom: 35px !important;background-color: #2D29260D !important;}&#8220;]PGlmcmFtZSBzcmM9Imh0dHBzOi8vbGF0ZWxlLmNoL2VtaXNzaW9ucy9sZWFkZXJzLWVuLXRyYW5zaXRpb24vbGVhZGVycy1lbi10cmFuc2l0aW9uLXMtMjAyNS1lLTIvZW1iZWQiIHdpZHRoPSI3MzAiIGhlaWdodD0iNDE1IiBmcmFtZWJvcmRlcj0iMCIgYWxsb3dmdWxsc2NyZWVuPSIiPjwvaWZyYW1lPg==[\/vc_raw_html][\/vc_column][\/vc_row]<\/p>\n<\/div>","protected":false},"excerpt":{"rendered":"<p>[vc_row][vc_column woodmart_text_align=&#8220;center&#8220; vertical_alignment=&#8220;eyJkZXZpY2VzIjp7ImRlc2t0b3AiOnsidmFsdWUiOiJjZW50ZXIifSwidGFibGV0Ijp7InZhbHVlIjoiIn0sIm1vYmlsZSI6eyJ2YWx1ZSI6IiJ9fX0=&#8220; horizontal_alignment=&#8220;eyJkZXZpY2VzIjp7ImRlc2t0b3AiOnsidmFsdWUiOiJjZW50ZXIifSwidGFibGV0Ijp7InZhbHVlIjoiIn0sIm1vYmlsZSI6eyJ2YWx1ZSI6IiJ9fX0=&#8220; woodmart_css_id=&#8220;6a435731dfd47&#8243; parallax_scroll=&#8220;no&#8220; woodmart_sticky_column=&#8220;false&#8220; wd_collapsible_content_switcher=&#8220;no&#8220; wd_column_role_offcanvas_desktop=&#8220;no&#8220; wd_column_role_offcanvas_tablet=&#8220;no&#8220; wd_column_role_offcanvas_mobile=&#8220;no&#8220; wd_column_role_content_desktop=&#8220;no&#8220; wd_column_role_content_tablet=&#8220;no&#8220; wd_column_role_content_mobile=&#8220;no&#8220; mobile_bg_img_hidden=&#8220;no&#8220; tablet_bg_img_hidden=&#8220;no&#8220; woodmart_parallax=&#8220;0&#8243; woodmart_box_shadow=&#8220;no&#8220; responsive_spacing=&#8220;eyJwYXJhbV90eXBlIjoid29vZG1hcnRfcmVzcG9uc2l2ZV9zcGFjaW5nIiwic2VsZWN0b3JfaWQiOiI2YTQzNTczMWRmZDQ3Iiwic2hvcnRjb2RlIjoidmNfY29sdW1uIiwiZGF0YSI6eyJ0YWJsZXQiOnt9LCJtb2JpbGUiOnt9fX0=&#8220; wd_z_index=&#8220;no&#8220;][vc_raw_html<\/p>\n","protected":false},"author":7,"featured_media":109375,"comment_status":"closed","ping_status":"closed","sticky":false,"template":"","format":"standard","meta":{"footnotes":""},"categories":[1062],"tags":[],"class_list":["post-109376","post","type-post","status-publish","format-standard","has-post-thumbnail","hentry","category-alle-nachrichten"],"yoast_head":"<!-- This site is optimized with the Yoast SEO Premium plugin v28.3 (Yoast SEO v28.3) - https:\/\/yoast.com\/product\/yoast-seo-premium-wordpress\/ -->\n<title>La T\u00e9l\u00e9: \u00abSwiss Made\u00bb nach dem PMF-System | PMF-System<\/title>\n<meta name=\"robots\" content=\"index, follow, max-snippet:-1, max-image-preview:large, max-video-preview:-1\" \/>\n<link rel=\"canonical\" href=\"https:\/\/pmf-system.ch\/de\/alle-nachrichten\/la-tele-swiss-made-nach-dem-pmf-system\/\" \/>\n<meta property=\"og:locale\" content=\"de_DE\" \/>\n<meta property=\"og:type\" content=\"article\" \/>\n<meta property=\"og:title\" content=\"La T\u00e9l\u00e9: \u00abSwiss Made\u00bb nach dem PMF-System\" \/>\n<meta property=\"og:description\" content=\"[vc_row][vc_column woodmart_text_align=&#8220;center&#8220; vertical_alignment=&#8220;eyJkZXZpY2VzIjp7ImRlc2t0b3AiOnsidmFsdWUiOiJjZW50ZXIifSwidGFibGV0Ijp7InZhbHVlIjoiIn0sIm1vYmlsZSI6eyJ2YWx1ZSI6IiJ9fX0=&#8220; horizontal_alignment=&#8220;eyJkZXZpY2VzIjp7ImRlc2t0b3AiOnsidmFsdWUiOiJjZW50ZXIifSwidGFibGV0Ijp7InZhbHVlIjoiIn0sIm1vYmlsZSI6eyJ2YWx1ZSI6IiJ9fX0=&#8220; woodmart_css_id=&#8220;6a435731dfd47&#8243; parallax_scroll=&#8220;no&#8220; woodmart_sticky_column=&#8220;false&#8220; wd_collapsible_content_switcher=&#8220;no&#8220; wd_column_role_offcanvas_desktop=&#8220;no&#8220; wd_column_role_offcanvas_tablet=&#8220;no&#8220; wd_column_role_offcanvas_mobile=&#8220;no&#8220; wd_column_role_content_desktop=&#8220;no&#8220; wd_column_role_content_tablet=&#8220;no&#8220; wd_column_role_content_mobile=&#8220;no&#8220; mobile_bg_img_hidden=&#8220;no&#8220; tablet_bg_img_hidden=&#8220;no&#8220; woodmart_parallax=&#8220;0&#8243; woodmart_box_shadow=&#8220;no&#8220; responsive_spacing=&#8220;eyJwYXJhbV90eXBlIjoid29vZG1hcnRfcmVzcG9uc2l2ZV9zcGFjaW5nIiwic2VsZWN0b3JfaWQiOiI2YTQzNTczMWRmZDQ3Iiwic2hvcnRjb2RlIjoidmNfY29sdW1uIiwiZGF0YSI6eyJ0YWJsZXQiOnt9LCJtb2JpbGUiOnt9fX0=&#8220; wd_z_index=&#8220;no&#8220;][vc_raw_html\" \/>\n<meta property=\"og:url\" content=\"https:\/\/pmf-system.ch\/de\/alle-nachrichten\/la-tele-swiss-made-nach-dem-pmf-system\/\" \/>\n<meta property=\"og:site_name\" content=\"PMF-System\" \/>\n<meta property=\"article:publisher\" content=\"https:\/\/www.facebook.com\/pmfsystem\" \/>\n<meta property=\"article:published_time\" content=\"2026-06-30T05:39:06+00:00\" \/>\n<meta property=\"article:modified_time\" content=\"2026-08-17T06:25:30+00:00\" \/>\n<meta property=\"og:image\" content=\"https:\/\/pmf-system.ch\/wp-content\/uploads\/2026\/06\/Actu-leader-en-transition.jpg\" \/>\n\t<meta property=\"og:image:width\" content=\"1366\" \/>\n\t<meta property=\"og:image:height\" content=\"768\" \/>\n\t<meta property=\"og:image:type\" content=\"image\/jpeg\" \/>\n<meta name=\"author\" content=\"Aur\u00e9lie Margueron\" \/>\n<meta name=\"twitter:card\" content=\"summary_large_image\" \/>\n<meta name=\"twitter:label1\" content=\"Verfasst von\" \/>\n\t<meta name=\"twitter:data1\" content=\"Aur\u00e9lie Margueron\" \/>\n\t<meta name=\"twitter:label2\" content=\"Gesch\u00e4tzte Lesezeit\" \/>\n\t<meta name=\"twitter:data2\" content=\"3\u00a0Minuten\" \/>\n<script type=\"application\/ld+json\" class=\"yoast-schema-graph\">{\"@context\":\"https:\\\/\\\/schema.org\",\"@graph\":[{\"@type\":\"Article\",\"@id\":\"https:\\\/\\\/pmf-system.ch\\\/de\\\/alle-nachrichten\\\/la-tele-swiss-made-nach-dem-pmf-system\\\/#article\",\"isPartOf\":{\"@id\":\"https:\\\/\\\/pmf-system.ch\\\/de\\\/alle-nachrichten\\\/la-tele-swiss-made-nach-dem-pmf-system\\\/\"},\"author\":{\"name\":\"Aur\u00e9lie Margueron\",\"@id\":\"https:\\\/\\\/pmf-system.ch\\\/de\\\/#\\\/schema\\\/person\\\/5d9f406037121011d0a9dd7673356b6d\"},\"headline\":\"La T\u00e9l\u00e9: \u00abSwiss Made\u00bb nach dem PMF-System\",\"datePublished\":\"2026-06-30T05:39:06+00:00\",\"dateModified\":\"2026-08-17T06:25:30+00:00\",\"mainEntityOfPage\":{\"@id\":\"https:\\\/\\\/pmf-system.ch\\\/de\\\/alle-nachrichten\\\/la-tele-swiss-made-nach-dem-pmf-system\\\/\"},\"wordCount\":523,\"publisher\":{\"@id\":\"https:\\\/\\\/pmf-system.ch\\\/de\\\/#organization\"},\"image\":{\"@id\":\"https:\\\/\\\/pmf-system.ch\\\/de\\\/alle-nachrichten\\\/la-tele-swiss-made-nach-dem-pmf-system\\\/#primaryimage\"},\"thumbnailUrl\":\"https:\\\/\\\/pmf-system.ch\\\/wp-content\\\/uploads\\\/2026\\\/06\\\/Actu-leader-en-transition.jpg\",\"articleSection\":[\"Alle Nachrichten\"],\"inLanguage\":\"de\"},{\"@type\":\"WebPage\",\"@id\":\"https:\\\/\\\/pmf-system.ch\\\/de\\\/alle-nachrichten\\\/la-tele-swiss-made-nach-dem-pmf-system\\\/\",\"url\":\"https:\\\/\\\/pmf-system.ch\\\/de\\\/alle-nachrichten\\\/la-tele-swiss-made-nach-dem-pmf-system\\\/\",\"name\":\"La T\u00e9l\u00e9: \u00abSwiss Made\u00bb nach dem PMF-System | PMF-System\",\"isPartOf\":{\"@id\":\"https:\\\/\\\/pmf-system.ch\\\/de\\\/#website\"},\"primaryImageOfPage\":{\"@id\":\"https:\\\/\\\/pmf-system.ch\\\/de\\\/alle-nachrichten\\\/la-tele-swiss-made-nach-dem-pmf-system\\\/#primaryimage\"},\"image\":{\"@id\":\"https:\\\/\\\/pmf-system.ch\\\/de\\\/alle-nachrichten\\\/la-tele-swiss-made-nach-dem-pmf-system\\\/#primaryimage\"},\"thumbnailUrl\":\"https:\\\/\\\/pmf-system.ch\\\/wp-content\\\/uploads\\\/2026\\\/06\\\/Actu-leader-en-transition.jpg\",\"datePublished\":\"2026-06-30T05:39:06+00:00\",\"dateModified\":\"2026-08-17T06:25:30+00:00\",\"breadcrumb\":{\"@id\":\"https:\\\/\\\/pmf-system.ch\\\/de\\\/alle-nachrichten\\\/la-tele-swiss-made-nach-dem-pmf-system\\\/#breadcrumb\"},\"inLanguage\":\"de\",\"potentialAction\":[{\"@type\":\"ReadAction\",\"target\":[\"https:\\\/\\\/pmf-system.ch\\\/de\\\/alle-nachrichten\\\/la-tele-swiss-made-nach-dem-pmf-system\\\/\"]}]},{\"@type\":\"ImageObject\",\"inLanguage\":\"de\",\"@id\":\"https:\\\/\\\/pmf-system.ch\\\/de\\\/alle-nachrichten\\\/la-tele-swiss-made-nach-dem-pmf-system\\\/#primaryimage\",\"url\":\"https:\\\/\\\/pmf-system.ch\\\/wp-content\\\/uploads\\\/2026\\\/06\\\/Actu-leader-en-transition.jpg\",\"contentUrl\":\"https:\\\/\\\/pmf-system.ch\\\/wp-content\\\/uploads\\\/2026\\\/06\\\/Actu-leader-en-transition.jpg\",\"width\":1366,\"height\":768},{\"@type\":\"BreadcrumbList\",\"@id\":\"https:\\\/\\\/pmf-system.ch\\\/de\\\/alle-nachrichten\\\/la-tele-swiss-made-nach-dem-pmf-system\\\/#breadcrumb\",\"itemListElement\":[{\"@type\":\"ListItem\",\"position\":1,\"name\":\"Home\",\"item\":\"https:\\\/\\\/pmf-system.ch\\\/de\\\/homepage\\\/\"},{\"@type\":\"ListItem\",\"position\":2,\"name\":\"La T\u00e9l\u00e9: \u00abSwiss Made\u00bb nach dem PMF-System\"}]},{\"@type\":\"WebSite\",\"@id\":\"https:\\\/\\\/pmf-system.ch\\\/de\\\/#website\",\"url\":\"https:\\\/\\\/pmf-system.ch\\\/de\\\/\",\"name\":\"PMF-System\",\"description\":\"Konfigurieren, personalisieren.\",\"publisher\":{\"@id\":\"https:\\\/\\\/pmf-system.ch\\\/de\\\/#organization\"},\"potentialAction\":[{\"@type\":\"SearchAction\",\"target\":{\"@type\":\"EntryPoint\",\"urlTemplate\":\"https:\\\/\\\/pmf-system.ch\\\/de\\\/?s={search_term_string}\"},\"query-input\":{\"@type\":\"PropertyValueSpecification\",\"valueRequired\":true,\"valueName\":\"search_term_string\"}}],\"inLanguage\":\"de\"},{\"@type\":\"Organization\",\"@id\":\"https:\\\/\\\/pmf-system.ch\\\/de\\\/#organization\",\"name\":\"PMF-System\",\"url\":\"https:\\\/\\\/pmf-system.ch\\\/de\\\/\",\"logo\":{\"@type\":\"ImageObject\",\"inLanguage\":\"de\",\"@id\":\"https:\\\/\\\/pmf-system.ch\\\/de\\\/#\\\/schema\\\/logo\\\/image\\\/\",\"url\":\"https:\\\/\\\/pmf-system.ch\\\/wp-content\\\/uploads\\\/logo_carree_200x200-1.png\",\"contentUrl\":\"https:\\\/\\\/pmf-system.ch\\\/wp-content\\\/uploads\\\/logo_carree_200x200-1.png\",\"width\":200,\"height\":200,\"caption\":\"PMF-System\"},\"image\":{\"@id\":\"https:\\\/\\\/pmf-system.ch\\\/de\\\/#\\\/schema\\\/logo\\\/image\\\/\"},\"sameAs\":[\"https:\\\/\\\/www.facebook.com\\\/pmfsystem\",\"https:\\\/\\\/www.linkedin.com\\\/company\\\/pmfsystem\",\"https:\\\/\\\/www.youtube.com\\\/channel\\\/UCiSlOSHwk-UvRX51HGFkXYA\\\/videos\"],\"description\":\"PMF-System is a Swiss company delivering modular engineering and custom design solutions across Switzerland. We develop ergonomic workshop systems, modular display and signage structures, tailored interior design solutions, and flexible building services applications using our patented rapid assembly system. Our solutions combine functionality, aesthetics, and efficiency for industrial, commercial, retail, and architectural environments. With fast online configuration, 3D planning, and Swiss manufacturing, PMF-System supports professional projects from concept to installation.\",\"email\":\"info@pmf-system.ch\",\"telephone\":\"+41265104980\",\"legalName\":\"PMFch SA\",\"foundingDate\":\"2013-08-29\",\"vatID\":\"CHE-291.598.957\",\"numberOfEmployees\":{\"@type\":\"QuantitativeValue\",\"minValue\":\"11\",\"maxValue\":\"50\"},\"ownershipFundingInfo\":\"https:\\\/\\\/pmf-system.ch\\\/entreprise\\\/\",\"hasMerchantReturnPolicy\":{\"@type\":\"MerchantReturnPolicy\",\"merchantReturnLink\":\"https:\\\/\\\/pmf-system.ch\\\/en\\\/shipping-and-returns-policy\\\/\"}},{\"@type\":\"Person\",\"@id\":\"https:\\\/\\\/pmf-system.ch\\\/de\\\/#\\\/schema\\\/person\\\/5d9f406037121011d0a9dd7673356b6d\",\"name\":\"Aur\u00e9lie Margueron\",\"image\":{\"@type\":\"ImageObject\",\"inLanguage\":\"de\",\"@id\":\"https:\\\/\\\/secure.gravatar.com\\\/avatar\\\/ba735cb43dc7660d455bfdd87f31845fdf1c3d5153bf3f36e24fb8266710154f?s=96&d=mm&r=g\",\"url\":\"https:\\\/\\\/secure.gravatar.com\\\/avatar\\\/ba735cb43dc7660d455bfdd87f31845fdf1c3d5153bf3f36e24fb8266710154f?s=96&d=mm&r=g\",\"contentUrl\":\"https:\\\/\\\/secure.gravatar.com\\\/avatar\\\/ba735cb43dc7660d455bfdd87f31845fdf1c3d5153bf3f36e24fb8266710154f?s=96&d=mm&r=g\",\"caption\":\"Aur\u00e9lie Margueron\"},\"url\":\"https:\\\/\\\/pmf-system.ch\\\/de\\\/author\\\/aurelie-margueron\\\/\"}]}<\/script>\n<!-- \/ Yoast SEO Premium plugin. -->","yoast_head_json":{"title":"La T\u00e9l\u00e9: \u00abSwiss Made\u00bb nach dem PMF-System | PMF-System","robots":{"index":"index","follow":"follow","max-snippet":"max-snippet:-1","max-image-preview":"max-image-preview:large","max-video-preview":"max-video-preview:-1"},"canonical":"https:\/\/pmf-system.ch\/de\/alle-nachrichten\/la-tele-swiss-made-nach-dem-pmf-system\/","og_locale":"de_DE","og_type":"article","og_title":"La T\u00e9l\u00e9: \u00abSwiss Made\u00bb nach dem PMF-System","og_description":"[vc_row][vc_column woodmart_text_align=&#8220;center&#8220; vertical_alignment=&#8220;eyJkZXZpY2VzIjp7ImRlc2t0b3AiOnsidmFsdWUiOiJjZW50ZXIifSwidGFibGV0Ijp7InZhbHVlIjoiIn0sIm1vYmlsZSI6eyJ2YWx1ZSI6IiJ9fX0=&#8220; horizontal_alignment=&#8220;eyJkZXZpY2VzIjp7ImRlc2t0b3AiOnsidmFsdWUiOiJjZW50ZXIifSwidGFibGV0Ijp7InZhbHVlIjoiIn0sIm1vYmlsZSI6eyJ2YWx1ZSI6IiJ9fX0=&#8220; woodmart_css_id=&#8220;6a435731dfd47&#8243; parallax_scroll=&#8220;no&#8220; woodmart_sticky_column=&#8220;false&#8220; wd_collapsible_content_switcher=&#8220;no&#8220; wd_column_role_offcanvas_desktop=&#8220;no&#8220; wd_column_role_offcanvas_tablet=&#8220;no&#8220; wd_column_role_offcanvas_mobile=&#8220;no&#8220; wd_column_role_content_desktop=&#8220;no&#8220; wd_column_role_content_tablet=&#8220;no&#8220; wd_column_role_content_mobile=&#8220;no&#8220; mobile_bg_img_hidden=&#8220;no&#8220; tablet_bg_img_hidden=&#8220;no&#8220; woodmart_parallax=&#8220;0&#8243; woodmart_box_shadow=&#8220;no&#8220; responsive_spacing=&#8220;eyJwYXJhbV90eXBlIjoid29vZG1hcnRfcmVzcG9uc2l2ZV9zcGFjaW5nIiwic2VsZWN0b3JfaWQiOiI2YTQzNTczMWRmZDQ3Iiwic2hvcnRjb2RlIjoidmNfY29sdW1uIiwiZGF0YSI6eyJ0YWJsZXQiOnt9LCJtb2JpbGUiOnt9fX0=&#8220; wd_z_index=&#8220;no&#8220;][vc_raw_html","og_url":"https:\/\/pmf-system.ch\/de\/alle-nachrichten\/la-tele-swiss-made-nach-dem-pmf-system\/","og_site_name":"PMF-System","article_publisher":"https:\/\/www.facebook.com\/pmfsystem","article_published_time":"2026-06-30T05:39:06+00:00","article_modified_time":"2026-08-17T06:25:30+00:00","og_image":[{"width":1366,"height":768,"url":"https:\/\/pmf-system.ch\/wp-content\/uploads\/2026\/06\/Actu-leader-en-transition.jpg","type":"image\/jpeg"}],"author":"Aur\u00e9lie Margueron","twitter_card":"summary_large_image","twitter_misc":{"Verfasst von":"Aur\u00e9lie Margueron","Gesch\u00e4tzte Lesezeit":"3\u00a0Minuten"},"schema":{"@context":"https:\/\/schema.org","@graph":[{"@type":"Article","@id":"https:\/\/pmf-system.ch\/de\/alle-nachrichten\/la-tele-swiss-made-nach-dem-pmf-system\/#article","isPartOf":{"@id":"https:\/\/pmf-system.ch\/de\/alle-nachrichten\/la-tele-swiss-made-nach-dem-pmf-system\/"},"author":{"name":"Aur\u00e9lie Margueron","@id":"https:\/\/pmf-system.ch\/de\/#\/schema\/person\/5d9f406037121011d0a9dd7673356b6d"},"headline":"La T\u00e9l\u00e9: \u00abSwiss Made\u00bb nach dem PMF-System","datePublished":"2026-06-30T05:39:06+00:00","dateModified":"2026-08-17T06:25:30+00:00","mainEntityOfPage":{"@id":"https:\/\/pmf-system.ch\/de\/alle-nachrichten\/la-tele-swiss-made-nach-dem-pmf-system\/"},"wordCount":523,"publisher":{"@id":"https:\/\/pmf-system.ch\/de\/#organization"},"image":{"@id":"https:\/\/pmf-system.ch\/de\/alle-nachrichten\/la-tele-swiss-made-nach-dem-pmf-system\/#primaryimage"},"thumbnailUrl":"https:\/\/pmf-system.ch\/wp-content\/uploads\/2026\/06\/Actu-leader-en-transition.jpg","articleSection":["Alle Nachrichten"],"inLanguage":"de"},{"@type":"WebPage","@id":"https:\/\/pmf-system.ch\/de\/alle-nachrichten\/la-tele-swiss-made-nach-dem-pmf-system\/","url":"https:\/\/pmf-system.ch\/de\/alle-nachrichten\/la-tele-swiss-made-nach-dem-pmf-system\/","name":"La T\u00e9l\u00e9: \u00abSwiss Made\u00bb nach dem PMF-System | PMF-System","isPartOf":{"@id":"https:\/\/pmf-system.ch\/de\/#website"},"primaryImageOfPage":{"@id":"https:\/\/pmf-system.ch\/de\/alle-nachrichten\/la-tele-swiss-made-nach-dem-pmf-system\/#primaryimage"},"image":{"@id":"https:\/\/pmf-system.ch\/de\/alle-nachrichten\/la-tele-swiss-made-nach-dem-pmf-system\/#primaryimage"},"thumbnailUrl":"https:\/\/pmf-system.ch\/wp-content\/uploads\/2026\/06\/Actu-leader-en-transition.jpg","datePublished":"2026-06-30T05:39:06+00:00","dateModified":"2026-08-17T06:25:30+00:00","breadcrumb":{"@id":"https:\/\/pmf-system.ch\/de\/alle-nachrichten\/la-tele-swiss-made-nach-dem-pmf-system\/#breadcrumb"},"inLanguage":"de","potentialAction":[{"@type":"ReadAction","target":["https:\/\/pmf-system.ch\/de\/alle-nachrichten\/la-tele-swiss-made-nach-dem-pmf-system\/"]}]},{"@type":"ImageObject","inLanguage":"de","@id":"https:\/\/pmf-system.ch\/de\/alle-nachrichten\/la-tele-swiss-made-nach-dem-pmf-system\/#primaryimage","url":"https:\/\/pmf-system.ch\/wp-content\/uploads\/2026\/06\/Actu-leader-en-transition.jpg","contentUrl":"https:\/\/pmf-system.ch\/wp-content\/uploads\/2026\/06\/Actu-leader-en-transition.jpg","width":1366,"height":768},{"@type":"BreadcrumbList","@id":"https:\/\/pmf-system.ch\/de\/alle-nachrichten\/la-tele-swiss-made-nach-dem-pmf-system\/#breadcrumb","itemListElement":[{"@type":"ListItem","position":1,"name":"Home","item":"https:\/\/pmf-system.ch\/de\/homepage\/"},{"@type":"ListItem","position":2,"name":"La T\u00e9l\u00e9: \u00abSwiss Made\u00bb nach dem PMF-System"}]},{"@type":"WebSite","@id":"https:\/\/pmf-system.ch\/de\/#website","url":"https:\/\/pmf-system.ch\/de\/","name":"PMF-System","description":"Konfigurieren, personalisieren.","publisher":{"@id":"https:\/\/pmf-system.ch\/de\/#organization"},"potentialAction":[{"@type":"SearchAction","target":{"@type":"EntryPoint","urlTemplate":"https:\/\/pmf-system.ch\/de\/?s={search_term_string}"},"query-input":{"@type":"PropertyValueSpecification","valueRequired":true,"valueName":"search_term_string"}}],"inLanguage":"de"},{"@type":"Organization","@id":"https:\/\/pmf-system.ch\/de\/#organization","name":"PMF-System","url":"https:\/\/pmf-system.ch\/de\/","logo":{"@type":"ImageObject","inLanguage":"de","@id":"https:\/\/pmf-system.ch\/de\/#\/schema\/logo\/image\/","url":"https:\/\/pmf-system.ch\/wp-content\/uploads\/logo_carree_200x200-1.png","contentUrl":"https:\/\/pmf-system.ch\/wp-content\/uploads\/logo_carree_200x200-1.png","width":200,"height":200,"caption":"PMF-System"},"image":{"@id":"https:\/\/pmf-system.ch\/de\/#\/schema\/logo\/image\/"},"sameAs":["https:\/\/www.facebook.com\/pmfsystem","https:\/\/www.linkedin.com\/company\/pmfsystem","https:\/\/www.youtube.com\/channel\/UCiSlOSHwk-UvRX51HGFkXYA\/videos"],"description":"PMF-System is a Swiss company delivering modular engineering and custom design solutions across Switzerland. We develop ergonomic workshop systems, modular display and signage structures, tailored interior design solutions, and flexible building services applications using our patented rapid assembly system. Our solutions combine functionality, aesthetics, and efficiency for industrial, commercial, retail, and architectural environments. With fast online configuration, 3D planning, and Swiss manufacturing, PMF-System supports professional projects from concept to installation.","email":"info@pmf-system.ch","telephone":"+41265104980","legalName":"PMFch SA","foundingDate":"2013-08-29","vatID":"CHE-291.598.957","numberOfEmployees":{"@type":"QuantitativeValue","minValue":"11","maxValue":"50"},"ownershipFundingInfo":"https:\/\/pmf-system.ch\/entreprise\/","hasMerchantReturnPolicy":{"@type":"MerchantReturnPolicy","merchantReturnLink":"https:\/\/pmf-system.ch\/en\/shipping-and-returns-policy\/"}},{"@type":"Person","@id":"https:\/\/pmf-system.ch\/de\/#\/schema\/person\/5d9f406037121011d0a9dd7673356b6d","name":"Aur\u00e9lie Margueron","image":{"@type":"ImageObject","inLanguage":"de","@id":"https:\/\/secure.gravatar.com\/avatar\/ba735cb43dc7660d455bfdd87f31845fdf1c3d5153bf3f36e24fb8266710154f?s=96&d=mm&r=g","url":"https:\/\/secure.gravatar.com\/avatar\/ba735cb43dc7660d455bfdd87f31845fdf1c3d5153bf3f36e24fb8266710154f?s=96&d=mm&r=g","contentUrl":"https:\/\/secure.gravatar.com\/avatar\/ba735cb43dc7660d455bfdd87f31845fdf1c3d5153bf3f36e24fb8266710154f?s=96&d=mm&r=g","caption":"Aur\u00e9lie Margueron"},"url":"https:\/\/pmf-system.ch\/de\/author\/aurelie-margueron\/"}]}},"_links":{"self":[{"href":"https:\/\/pmf-system.ch\/de\/wp-json\/wp\/v2\/posts\/109376","targetHints":{"allow":["GET"]}}],"collection":[{"href":"https:\/\/pmf-system.ch\/de\/wp-json\/wp\/v2\/posts"}],"about":[{"href":"https:\/\/pmf-system.ch\/de\/wp-json\/wp\/v2\/types\/post"}],"author":[{"embeddable":true,"href":"https:\/\/pmf-system.ch\/de\/wp-json\/wp\/v2\/users\/7"}],"replies":[{"embeddable":true,"href":"https:\/\/pmf-system.ch\/de\/wp-json\/wp\/v2\/comments?post=109376"}],"version-history":[{"count":3,"href":"https:\/\/pmf-system.ch\/de\/wp-json\/wp\/v2\/posts\/109376\/revisions"}],"predecessor-version":[{"id":110062,"href":"https:\/\/pmf-system.ch\/de\/wp-json\/wp\/v2\/posts\/109376\/revisions\/110062"}],"wp:featuredmedia":[{"embeddable":true,"href":"https:\/\/pmf-system.ch\/de\/wp-json\/wp\/v2\/media\/109375"}],"wp:attachment":[{"href":"https:\/\/pmf-system.ch\/de\/wp-json\/wp\/v2\/media?parent=109376"}],"wp:term":[{"taxonomy":"category","embeddable":true,"href":"https:\/\/pmf-system.ch\/de\/wp-json\/wp\/v2\/categories?post=109376"},{"taxonomy":"post_tag","embeddable":true,"href":"https:\/\/pmf-system.ch\/de\/wp-json\/wp\/v2\/tags?post=109376"}],"curies":[{"name":"wp","href":"https:\/\/api.w.org\/{rel}","templated":true}]}}